{"id":448,"date":"2019-08-15T22:16:44","date_gmt":"2019-08-15T22:16:44","guid":{"rendered":"https:\/\/soziales-loerrach.de\/?p=448"},"modified":"2019-08-15T22:16:44","modified_gmt":"2019-08-15T22:16:44","slug":"zum-pflegeheim-kandern","status":"publish","type":"post","link":"https:\/\/soziales-loerrach.de\/index.php\/zum-pflegeheim-kandern\/","title":{"rendered":"Zum Pflegeheim Kandern"},"content":{"rendered":"<p>Der Bau des Heimes ist ziemlich ungl\u00fccklich in die Phase der r\u00fcckwirkend in Kraft getretenen (!!!) Heimbauordnung gefallen (beschlossen am 11. April 2011 mit r\u00fcckwirkender Geltung zum 1. September 2009) und das Finanzierungskonzept ist nat\u00fcrlich nicht nur auf 10 Jahre, sondern wie geschrieben bis 2031 ausgelegt, so dass eine Reduzierung der Bewohnerzahl entweder zu wesentlich h\u00f6heren Pfleges\u00e4tzen oder zur Schlie\u00dfung f\u00fchren w\u00fcrde.<\/p>\n<p>Siehe auch: https:\/\/www.seniorenpflegeheim-kandern.de\/aktuelles\/<\/p>\n<p>Nat\u00fcrlich ist es richtig, dass verhindert werden muss dass Menschen ausgenutzt werden und schlechte Wohnbedingungen herrschen. Dies ist ganz offensichtlich in Kandern nicht so, ich war (wohl als einziger Kreisrat) auf der Demo und habe mit den Demonstrierenden gesprochen, von denen viele Angeh\u00f6rige in dem Heim haben oder hatten. Alle waren mehr als zufrieden mit der Leitung und den Mitarbeitern, diese wiederum waren ebenfalls sehr zufrieden mit den Arbeistbedingungen. Es kann nicht sein, dass ein gut gemeintes Gesetz Investitionsruinen zur\u00fcckl\u00e4sst, und bei einer \u00dcbergangsfrist m\u00fcssen auch diejenigen ber\u00fccksichtigt werden, die mit einer 30-j\u00e4hrigen Finanzplanung kurz vor Beschluss des Gesetzes gebaut haben.<\/p>\n","protected":false},"excerpt":{"rendered":"<p>Der Bau des Heimes ist ziemlich ungl\u00fccklich in die Phase der r\u00fcckwirkend in Kraft getretenen (!!!) Heimbauordnung gefallen (beschlossen am 11. April 2011 mit r\u00fcckwirkender Geltung zum 1. September 2009) und das Finanzierungskonzept ist nat\u00fcrlich nicht nur auf 10 Jahre, sondern wie geschrieben bis 2031 ausgelegt, so dass eine Reduzierung der Bewohnerzahl entweder zu wesentlich &hellip; <a href=\"https:\/\/soziales-loerrach.de\/index.php\/zum-pflegeheim-kandern\/\" class=\"more-link\"><span class=\"screen-reader-text\">\u201eZum Pflegeheim Kandern\u201c<\/span> weiterlesen<\/a><\/p>\n","protected":false},"author":1,"featured_media":0,"comment_status":"open","ping_status":"open","sticky":false,"template":"","format":"standard","meta":[],"categories":[53],"tags":[],"_links":{"self":[{"href":"https:\/\/soziales-loerrach.de\/index.php\/wp-json\/wp\/v2\/posts\/448"}],"collection":[{"href":"https:\/\/soziales-loerrach.de\/index.php\/wp-json\/wp\/v2\/posts"}],"about":[{"href":"https:\/\/soziales-loerrach.de\/index.php\/wp-json\/wp\/v2\/types\/post"}],"author":[{"embeddable":true,"href":"https:\/\/soziales-loerrach.de\/index.php\/wp-json\/wp\/v2\/users\/1"}],"replies":[{"embeddable":true,"href":"https:\/\/soziales-loerrach.de\/index.php\/wp-json\/wp\/v2\/comments?post=448"}],"version-history":[{"count":1,"href":"https:\/\/soziales-loerrach.de\/index.php\/wp-json\/wp\/v2\/posts\/448\/revisions"}],"predecessor-version":[{"id":449,"href":"https:\/\/soziales-loerrach.de\/index.php\/wp-json\/wp\/v2\/posts\/448\/revisions\/449"}],"wp:attachment":[{"href":"https:\/\/soziales-loerrach.de\/index.php\/wp-json\/wp\/v2\/media?parent=448"}],"wp:term":[{"taxonomy":"category","embeddable":true,"href":"https:\/\/soziales-loerrach.de\/index.php\/wp-json\/wp\/v2\/categories?post=448"},{"taxonomy":"post_tag","embeddable":true,"href":"https:\/\/soziales-loerrach.de\/index.php\/wp-json\/wp\/v2\/tags?post=448"}],"curies":[{"name":"wp","href":"https:\/\/api.w.org\/{rel}","templated":true}]}}