{"id":288,"date":"2019-05-12T21:11:34","date_gmt":"2019-05-12T21:11:34","guid":{"rendered":"https:\/\/soziales-loerrach.de\/?p=288"},"modified":"2019-06-30T15:00:02","modified_gmt":"2019-06-30T15:00:02","slug":"gewerbebetriebe-foerdern","status":"publish","type":"post","link":"https:\/\/soziales-loerrach.de\/index.php\/gewerbebetriebe-foerdern\/","title":{"rendered":"Gewerbebetriebe f\u00f6rdern"},"content":{"rendered":"<h4>Frage: Welche M\u00f6glichkeiten hat L\u00f6rrach, das Gewerbe trotz des Fl\u00e4chenmangels zu f\u00f6rdern?<\/h4>\n<p>Unsere Antwort zu <a href=\"https:\/\/www.verlagshaus-jaumann.de\/inhalt.loerrach-fragen-zur-kommunalwahl-wirtschaft.698383d9-0a81-4734-b280-6d1c64581ecf.html\" target=\"_blank\" rel=\"noopener noreferrer\">Fragen zur Kommunalpolitik der Oberbadischen Zeitung<\/a>:<\/p>\n<p>Der Verzicht auf das Gewerbegebiet Entenbad Ost sorgt langfristig f\u00fcr geringe Gewerbesteuereinnahmen. L\u00f6rrach soll seine Gewerbebetriebe bestm\u00f6glich unterst\u00fctzen, mit ihnen z.B. in der jetzigen Neumattschule ein Innovations- und Gr\u00fcnderzentrum entwickeln, die Innovationskraft der DHBW st\u00e4rken, mit dieser und der Sparkasse Zukunftstechnologien f\u00f6rdern und sich f\u00fcr alle Gewerbefl\u00e4chen Vorkaufsrechte zu Richtpreisen sichern.<\/p>\n","protected":false},"excerpt":{"rendered":"<p>Frage: Welche M\u00f6glichkeiten hat L\u00f6rrach, das Gewerbe trotz des Fl\u00e4chenmangels zu f\u00f6rdern? Unsere Antwort zu Fragen zur Kommunalpolitik der Oberbadischen Zeitung: Der Verzicht auf das Gewerbegebiet Entenbad Ost sorgt langfristig f\u00fcr geringe Gewerbesteuereinnahmen. L\u00f6rrach soll seine Gewerbebetriebe bestm\u00f6glich unterst\u00fctzen, mit ihnen z.B. in der jetzigen Neumattschule ein Innovations- und Gr\u00fcnderzentrum entwickeln, die Innovationskraft der DHBW &hellip; <a href=\"https:\/\/soziales-loerrach.de\/index.php\/gewerbebetriebe-foerdern\/\" class=\"more-link\"><span class=\"screen-reader-text\">\u201eGewerbebetriebe f\u00f6rdern\u201c<\/span> weiterlesen<\/a><\/p>\n","protected":false},"author":1,"featured_media":0,"comment_status":"open","ping_status":"open","sticky":false,"template":"","format":"standard","meta":[],"categories":[14,54,13],"tags":[38,40,17,37,36,39],"_links":{"self":[{"href":"https:\/\/soziales-loerrach.de\/index.php\/wp-json\/wp\/v2\/posts\/288"}],"collection":[{"href":"https:\/\/soziales-loerrach.de\/index.php\/wp-json\/wp\/v2\/posts"}],"about":[{"href":"https:\/\/soziales-loerrach.de\/index.php\/wp-json\/wp\/v2\/types\/post"}],"author":[{"embeddable":true,"href":"https:\/\/soziales-loerrach.de\/index.php\/wp-json\/wp\/v2\/users\/1"}],"replies":[{"embeddable":true,"href":"https:\/\/soziales-loerrach.de\/index.php\/wp-json\/wp\/v2\/comments?post=288"}],"version-history":[{"count":1,"href":"https:\/\/soziales-loerrach.de\/index.php\/wp-json\/wp\/v2\/posts\/288\/revisions"}],"predecessor-version":[{"id":289,"href":"https:\/\/soziales-loerrach.de\/index.php\/wp-json\/wp\/v2\/posts\/288\/revisions\/289"}],"wp:attachment":[{"href":"https:\/\/soziales-loerrach.de\/index.php\/wp-json\/wp\/v2\/media?parent=288"}],"wp:term":[{"taxonomy":"category","embeddable":true,"href":"https:\/\/soziales-loerrach.de\/index.php\/wp-json\/wp\/v2\/categories?post=288"},{"taxonomy":"post_tag","embeddable":true,"href":"https:\/\/soziales-loerrach.de\/index.php\/wp-json\/wp\/v2\/tags?post=288"}],"curies":[{"name":"wp","href":"https:\/\/api.w.org\/{rel}","templated":true}]}}